{"id":646,"date":"2018-10-30T11:49:36","date_gmt":"2018-10-30T10:49:36","guid":{"rendered":"https:\/\/websites.fraunhofer.de\/klimacent\/?p=646"},"modified":"2019-01-18T11:52:39","modified_gmt":"2019-01-18T10:52:39","slug":"regionalkonferenz-2018","status":"publish","type":"post","link":"https:\/\/klimacent.de\/index.php\/2018\/10\/30\/regionalkonferenz-2018\/","title":{"rendered":"Regionalkonferenz 2018"},"content":{"rendered":"\n<h2 class=\"wp-block-heading\">Das Lausitzer Seenland als Motor f\u00fcr den regionalen Strukturwandel:<\/h2>\n\n\n\n<p>Am 14. November findet auf dem IBA-Terrassen, Haus 3, in Gro\u00dfr\u00e4schen die Regionalkonferenz statt. Neben den aktuellen Entwicklungen des Seenlands werden sich Netzwerke und Projekte der Zukunft pr\u00e4sentieren. KlimaCent wird am Nachmittag ab 13 Uhr vorgestellt: http:\/\/www.zweckverband-lsb.de\/de\/aktuelles\/artikel-regionalkonferenz-lausitzer-seenland.html<\/p>\n","protected":false},"excerpt":{"rendered":"<p>Das Lausitzer Seenland als Motor f\u00fcr den regionalen Strukturwandel: Am 14. November findet auf dem IBA-Terrassen, Haus 3, in Gro\u00dfr\u00e4schen die Regionalkonferenz statt. Neben den aktuellen Entwicklungen des Seenlands werden sich Netzwerke und Projekte der Zukunft pr\u00e4sentieren. KlimaCent wird am Nachmittag ab 13 Uhr vorgestellt: http:\/\/www.zweckverband-lsb.de\/de\/aktuelles\/artikel-regionalkonferenz-lausitzer-seenland.html<\/p>\n","protected":false},"author":3,"featured_media":0,"comment_status":"open","ping_status":"open","sticky":false,"template":"","format":"standard","meta":{"_et_pb_use_builder":"","_et_pb_old_content":"","_et_gb_content_width":"","footnotes":""},"categories":[1],"tags":[],"class_list":["post-646","post","type-post","status-publish","format-standard","hentry","category-allgemein"],"_links":{"self":[{"href":"https:\/\/klimacent.de\/index.php\/wp-json\/wp\/v2\/posts\/646","targetHints":{"allow":["GET"]}}],"collection":[{"href":"https:\/\/klimacent.de\/index.php\/wp-json\/wp\/v2\/posts"}],"about":[{"href":"https:\/\/klimacent.de\/index.php\/wp-json\/wp\/v2\/types\/post"}],"author":[{"embeddable":true,"href":"https:\/\/klimacent.de\/index.php\/wp-json\/wp\/v2\/users\/3"}],"replies":[{"embeddable":true,"href":"https:\/\/klimacent.de\/index.php\/wp-json\/wp\/v2\/comments?post=646"}],"version-history":[{"count":3,"href":"https:\/\/klimacent.de\/index.php\/wp-json\/wp\/v2\/posts\/646\/revisions"}],"predecessor-version":[{"id":651,"href":"https:\/\/klimacent.de\/index.php\/wp-json\/wp\/v2\/posts\/646\/revisions\/651"}],"wp:attachment":[{"href":"https:\/\/klimacent.de\/index.php\/wp-json\/wp\/v2\/media?parent=646"}],"wp:term":[{"taxonomy":"category","embeddable":true,"href":"https:\/\/klimacent.de\/index.php\/wp-json\/wp\/v2\/categories?post=646"},{"taxonomy":"post_tag","embeddable":true,"href":"https:\/\/klimacent.de\/index.php\/wp-json\/wp\/v2\/tags?post=646"}],"curies":[{"name":"wp","href":"https:\/\/api.w.org\/{rel}","templated":true}]}}