{"id":395,"date":"2017-08-01T13:50:12","date_gmt":"2017-08-01T11:50:12","guid":{"rendered":"https:\/\/websites.fraunhofer.de\/klimacent\/?p=395"},"modified":"2017-11-21T13:25:36","modified_gmt":"2017-11-21T12:25:36","slug":"statuskonferenz-bmub","status":"publish","type":"post","link":"https:\/\/klimacent.de\/index.php\/2017\/08\/01\/statuskonferenz-bmub\/","title":{"rendered":"Statuskonferenz BMUB"},"content":{"rendered":"<p>Am 13. Juli pr\u00e4sentierte die Projektgruppe das Projekt KlimaCent dem Bundesumweltministerium (BMUB). Neben den Projektpartnern wurde das Projekt KlimaCent detailliert vorgestellt und der m\u00f6gliche Beitragsfonds f\u00fcr die Tourismuswirtschaft mit dem BMUB als Projektf\u00f6rderer und dem Projekttr\u00e4ger J\u00fclich (PtJ) diskutiert.<\/p>\n","protected":false},"excerpt":{"rendered":"<p>Am 13. Juli pr\u00e4sentierte die Projektgruppe das Projekt KlimaCent dem Bundesumweltministerium (BMUB). Neben den Projektpartnern wurde das Projekt KlimaCent detailliert vorgestellt und der m\u00f6gliche Beitragsfonds f\u00fcr die Tourismuswirtschaft mit dem BMUB als Projektf\u00f6rderer und dem Projekttr\u00e4ger J\u00fclich (PtJ) diskutiert.<\/p>\n","protected":false},"author":2,"featured_media":0,"comment_status":"open","ping_status":"open","sticky":false,"template":"","format":"standard","meta":{"_et_pb_use_builder":"","_et_pb_old_content":"","_et_gb_content_width":"","footnotes":""},"categories":[1],"tags":[],"class_list":["post-395","post","type-post","status-publish","format-standard","hentry","category-allgemein"],"_links":{"self":[{"href":"https:\/\/klimacent.de\/index.php\/wp-json\/wp\/v2\/posts\/395","targetHints":{"allow":["GET"]}}],"collection":[{"href":"https:\/\/klimacent.de\/index.php\/wp-json\/wp\/v2\/posts"}],"about":[{"href":"https:\/\/klimacent.de\/index.php\/wp-json\/wp\/v2\/types\/post"}],"author":[{"embeddable":true,"href":"https:\/\/klimacent.de\/index.php\/wp-json\/wp\/v2\/users\/2"}],"replies":[{"embeddable":true,"href":"https:\/\/klimacent.de\/index.php\/wp-json\/wp\/v2\/comments?post=395"}],"version-history":[{"count":3,"href":"https:\/\/klimacent.de\/index.php\/wp-json\/wp\/v2\/posts\/395\/revisions"}],"predecessor-version":[{"id":530,"href":"https:\/\/klimacent.de\/index.php\/wp-json\/wp\/v2\/posts\/395\/revisions\/530"}],"wp:attachment":[{"href":"https:\/\/klimacent.de\/index.php\/wp-json\/wp\/v2\/media?parent=395"}],"wp:term":[{"taxonomy":"category","embeddable":true,"href":"https:\/\/klimacent.de\/index.php\/wp-json\/wp\/v2\/categories?post=395"},{"taxonomy":"post_tag","embeddable":true,"href":"https:\/\/klimacent.de\/index.php\/wp-json\/wp\/v2\/tags?post=395"}],"curies":[{"name":"wp","href":"https:\/\/api.w.org\/{rel}","templated":true}]}}